{"id":1454,"date":"2018-11-10T18:25:20","date_gmt":"2018-11-10T17:25:20","guid":{"rendered":"https:\/\/www.gl-videaste.com\/blog\/?p=1454"},"modified":"2019-07-13T15:13:09","modified_gmt":"2019-07-13T13:13:09","slug":"mariage-sophie-mathieu-chateau-grattequina","status":"publish","type":"post","link":"https:\/\/www.gl-videaste.com\/blog\/2018\/11\/10\/mariage-sophie-mathieu-chateau-grattequina\/","title":{"rendered":"Mariage Sophie &#038; Mathieu &#8211; Ch\u00e2teau Grattequina"},"content":{"rendered":"\n<h3 class=\"wp-block-heading\">Mariage Sophie &amp; Mathieu &#8211; Ch\u00e2teau Grattequina<\/h3>\n\n\n\n<p>Enfin un mariage en dehors de la r\u00e9gion Parisienne. <a href=\"https:\/\/www.instagram.com\/p\/BqAkLYohRbK\/\">Sophie et Mathieu<\/a> se sont mari\u00e9s au ch\u00e2teau de la Grattequina \u00e0 Bordeaux. <\/p>\n\n\n\n<p>Le Ch\u00e2teau est aussi un h\u00f4tel qui offre le confort et les services haut de gamme d\u2019un \u00e9tablissement 4 \u00e9toiles. Petit d\u00e9jeuner, service de restauration et room service, conciergerie, bagagerie, blanchisserie, cha\u00eenes internationales, Wifi gratuit, air conditionn\u00e9\u2026 Haut lieu de r\u00e9ception, en bordure de Garonne et aux portes de Bordeaux, le ch\u00e2teau Grattequina propose d\u00e9sormais un acc\u00e8s direct par le fleuve gr\u00e2ce \u00e0 son&nbsp;<strong>ponton priv\u00e9<\/strong>. <\/p>\n\n\n\n<p> J&rsquo;ai pu r\u00e9aliser de tr\u00e8s belles images du fleuve avec mon drone DJI Mavic Pro. Ce drone est vraiment top il est petit et portable, il ne me quitte jamais. J&rsquo;ai \u00e9galement pu tester mon nouveau DSLR le Nikon D850 sur le DJI Ronin M. Comme optique j&rsquo;ai utilis\u00e9 le Nikkor 14-24mm f2.8 sur les slow motions. L&rsquo;ultra grand angle est vraiment top! Le D850 me permet de r\u00e9aliser mes films de mariage en 4K UHD et je vois vraiment la diff\u00e9rence sur la qualit\u00e9 des images.<\/p>\n\n\n\n<p> Le mariage de <a href=\"https:\/\/www.gl-videaste.com\/blog\/2018\/11\/10\/mariage-sophie-mathieu-chateau-grattequina\/\">Sophie &amp; Mathieu<\/a> au ch\u00e2teau Grattequina \u00e9t\u00e9 un succ\u00e8s ! Le jardin du ch\u00e2teau est bien fleuri et entretenu. Je me suis vraiment amus\u00e9 sur ce mariage. Un vrai plaisir! Un temps magnifique, un lieu  \u00e0 couper le souffle des mari\u00e9s superbes et photog\u00e9niques! Un big merci \u00e0 vous et bonne continuation. <\/p>\n","protected":false},"excerpt":{"rendered":"<p>Mariage Sophie &amp; Mathieu &#8211; Ch\u00e2teau Grattequina Enfin un mariage en dehors de la r\u00e9gion Parisienne. Sophie et Mathieu se sont mari\u00e9s au ch\u00e2teau de la Grattequina \u00e0 Bordeaux. Le Ch\u00e2teau est aussi un h\u00f4tel qui offre le confort et les services haut de gamme d\u2019un \u00e9tablissement 4 \u00e9toiles. Petit d\u00e9jeuner, service de restauration et [&hellip;]<\/p>\n","protected":false},"author":1,"featured_media":1455,"comment_status":"open","ping_status":"open","sticky":false,"template":"","format":"standard","meta":{"footnotes":""},"categories":[4,9],"tags":[44,43,34,45],"class_list":["post-1454","post","type-post","status-publish","format-standard","has-post-thumbnail","hentry","category-mariages","category-videos","tag-chateau","tag-d850","tag-nikon","tag-sophie-mathieu"],"yoast_head":"<!-- This site is optimized with the Yoast SEO plugin v27.5 - https:\/\/yoast.com\/product\/yoast-seo-wordpress\/ -->\n<title>Mariage Sophie &amp; Mathieu - Ch\u00e2teau Grattequina -<\/title>\n<meta name=\"description\" content=\"MARIAGE SOPHIE &amp; MATHIEU | MARIAGE CHATEAU GRATTEQUINA | VIDEO MARIAGE | BORDEAUX | FILM WEDDING | D850 | DJI MAVIC PRO WEDDING\" \/>\n<meta name=\"robots\" content=\"index, follow, max-snippet:-1, max-image-preview:large, max-video-preview:-1\" \/>\n<link rel=\"canonical\" href=\"https:\/\/www.gl-videaste.com\/blog\/2018\/11\/10\/mariage-sophie-mathieu-chateau-grattequina\/\" \/>\n<meta property=\"og:locale\" content=\"fr_FR\" \/>\n<meta property=\"og:type\" content=\"article\" \/>\n<meta property=\"og:title\" content=\"Mariage Sophie &amp; Mathieu - Ch\u00e2teau Grattequina\" \/>\n<meta property=\"og:description\" content=\"Mariage de Sophie &amp; Mathieu au Ch\u00e2teau Grattequina\" \/>\n<meta property=\"og:url\" content=\"https:\/\/www.gl-videaste.com\/blog\/2018\/11\/10\/mariage-sophie-mathieu-chateau-grattequina\/\" \/>\n<meta property=\"og:site_name\" content=\"www.gl-videaste.com\/blog\" \/>\n<meta property=\"article:publisher\" content=\"https:\/\/www.facebook.com\/glvideaste\/\" \/>\n<meta property=\"article:author\" content=\"https:\/\/www.facebook.com\/glvideaste\/\" \/>\n<meta property=\"article:published_time\" content=\"2018-11-10T17:25:20+00:00\" \/>\n<meta property=\"article:modified_time\" content=\"2019-07-13T13:13:09+00:00\" \/>\n<meta property=\"og:image\" content=\"https:\/\/www.gl-videaste.com\/blog\/wp-content\/uploads\/2018\/11\/DSC_1188.jpg\" \/>\n\t<meta property=\"og:image:width\" content=\"7257\" \/>\n\t<meta property=\"og:image:height\" content=\"4842\" \/>\n\t<meta property=\"og:image:type\" content=\"image\/jpeg\" \/>\n<meta name=\"author\" content=\"Geoffroy LETOURNEUR\" \/>\n<meta name=\"twitter:card\" content=\"summary_large_image\" \/>\n<meta name=\"twitter:creator\" content=\"@https:\/\/twitter.com\/letourngeo\" \/>\n<meta name=\"twitter:site\" content=\"@letourngeo\" \/>\n<meta name=\"twitter:label1\" content=\"\u00c9crit par\" \/>\n\t<meta name=\"twitter:data1\" content=\"Geoffroy LETOURNEUR\" \/>\n\t<meta name=\"twitter:label2\" content=\"Dur\u00e9e de lecture estim\u00e9e\" \/>\n\t<meta name=\"twitter:data2\" content=\"1 minute\" \/>\n<script type=\"application\/ld+json\" class=\"yoast-schema-graph\">{\"@context\":\"https:\\\/\\\/schema.org\",\"@graph\":[{\"@type\":\"Article\",\"@id\":\"https:\\\/\\\/www.gl-videaste.com\\\/blog\\\/2018\\\/11\\\/10\\\/mariage-sophie-mathieu-chateau-grattequina\\\/#article\",\"isPartOf\":{\"@id\":\"https:\\\/\\\/www.gl-videaste.com\\\/blog\\\/2018\\\/11\\\/10\\\/mariage-sophie-mathieu-chateau-grattequina\\\/\"},\"author\":{\"name\":\"Geoffroy LETOURNEUR\",\"@id\":\"https:\\\/\\\/www.gl-videaste.com\\\/blog\\\/#\\\/schema\\\/person\\\/4ccbd26a7d0d1b099a8d58a2d77acacd\"},\"headline\":\"Mariage Sophie &#038; Mathieu &#8211; Ch\u00e2teau Grattequina\",\"datePublished\":\"2018-11-10T17:25:20+00:00\",\"dateModified\":\"2019-07-13T13:13:09+00:00\",\"mainEntityOfPage\":{\"@id\":\"https:\\\/\\\/www.gl-videaste.com\\\/blog\\\/2018\\\/11\\\/10\\\/mariage-sophie-mathieu-chateau-grattequina\\\/\"},\"wordCount\":267,\"commentCount\":0,\"image\":{\"@id\":\"https:\\\/\\\/www.gl-videaste.com\\\/blog\\\/2018\\\/11\\\/10\\\/mariage-sophie-mathieu-chateau-grattequina\\\/#primaryimage\"},\"thumbnailUrl\":\"https:\\\/\\\/www.gl-videaste.com\\\/blog\\\/wp-content\\\/uploads\\\/2018\\\/11\\\/DSC_1188.jpg\",\"keywords\":[\"Ch\u00e2teau\",\"D850\",\"NIKON\",\"Sophie &amp; Mathieu\"],\"articleSection\":[\"Mariages\",\"Vid\u00e9os\"],\"inLanguage\":\"fr-FR\",\"potentialAction\":[{\"@type\":\"CommentAction\",\"name\":\"Comment\",\"target\":[\"https:\\\/\\\/www.gl-videaste.com\\\/blog\\\/2018\\\/11\\\/10\\\/mariage-sophie-mathieu-chateau-grattequina\\\/#respond\"]}]},{\"@type\":\"WebPage\",\"@id\":\"https:\\\/\\\/www.gl-videaste.com\\\/blog\\\/2018\\\/11\\\/10\\\/mariage-sophie-mathieu-chateau-grattequina\\\/\",\"url\":\"https:\\\/\\\/www.gl-videaste.com\\\/blog\\\/2018\\\/11\\\/10\\\/mariage-sophie-mathieu-chateau-grattequina\\\/\",\"name\":\"Mariage Sophie & Mathieu - Ch\u00e2teau Grattequina -\",\"isPartOf\":{\"@id\":\"https:\\\/\\\/www.gl-videaste.com\\\/blog\\\/#website\"},\"primaryImageOfPage\":{\"@id\":\"https:\\\/\\\/www.gl-videaste.com\\\/blog\\\/2018\\\/11\\\/10\\\/mariage-sophie-mathieu-chateau-grattequina\\\/#primaryimage\"},\"image\":{\"@id\":\"https:\\\/\\\/www.gl-videaste.com\\\/blog\\\/2018\\\/11\\\/10\\\/mariage-sophie-mathieu-chateau-grattequina\\\/#primaryimage\"},\"thumbnailUrl\":\"https:\\\/\\\/www.gl-videaste.com\\\/blog\\\/wp-content\\\/uploads\\\/2018\\\/11\\\/DSC_1188.jpg\",\"datePublished\":\"2018-11-10T17:25:20+00:00\",\"dateModified\":\"2019-07-13T13:13:09+00:00\",\"author\":{\"@id\":\"https:\\\/\\\/www.gl-videaste.com\\\/blog\\\/#\\\/schema\\\/person\\\/4ccbd26a7d0d1b099a8d58a2d77acacd\"},\"description\":\"MARIAGE SOPHIE & MATHIEU | MARIAGE CHATEAU GRATTEQUINA | VIDEO MARIAGE | BORDEAUX | FILM WEDDING | D850 | DJI MAVIC PRO WEDDING\",\"breadcrumb\":{\"@id\":\"https:\\\/\\\/www.gl-videaste.com\\\/blog\\\/2018\\\/11\\\/10\\\/mariage-sophie-mathieu-chateau-grattequina\\\/#breadcrumb\"},\"inLanguage\":\"fr-FR\",\"potentialAction\":[{\"@type\":\"ReadAction\",\"target\":[\"https:\\\/\\\/www.gl-videaste.com\\\/blog\\\/2018\\\/11\\\/10\\\/mariage-sophie-mathieu-chateau-grattequina\\\/\"]}]},{\"@type\":\"ImageObject\",\"inLanguage\":\"fr-FR\",\"@id\":\"https:\\\/\\\/www.gl-videaste.com\\\/blog\\\/2018\\\/11\\\/10\\\/mariage-sophie-mathieu-chateau-grattequina\\\/#primaryimage\",\"url\":\"https:\\\/\\\/www.gl-videaste.com\\\/blog\\\/wp-content\\\/uploads\\\/2018\\\/11\\\/DSC_1188.jpg\",\"contentUrl\":\"https:\\\/\\\/www.gl-videaste.com\\\/blog\\\/wp-content\\\/uploads\\\/2018\\\/11\\\/DSC_1188.jpg\",\"width\":7257,\"height\":4842},{\"@type\":\"BreadcrumbList\",\"@id\":\"https:\\\/\\\/www.gl-videaste.com\\\/blog\\\/2018\\\/11\\\/10\\\/mariage-sophie-mathieu-chateau-grattequina\\\/#breadcrumb\",\"itemListElement\":[{\"@type\":\"ListItem\",\"position\":1,\"name\":\"Accueil\",\"item\":\"https:\\\/\\\/www.gl-videaste.com\\\/blog\\\/\"},{\"@type\":\"ListItem\",\"position\":2,\"name\":\"Mariage Sophie et Mathieu\"}]},{\"@type\":\"WebSite\",\"@id\":\"https:\\\/\\\/www.gl-videaste.com\\\/blog\\\/#website\",\"url\":\"https:\\\/\\\/www.gl-videaste.com\\\/blog\\\/\",\"name\":\"www.gl-videaste.com\\\/blog\",\"description\":\"Le mariage est le lien indissoluble d\u2019une amiti\u00e9 \u00e9ternelle...\",\"potentialAction\":[{\"@type\":\"SearchAction\",\"target\":{\"@type\":\"EntryPoint\",\"urlTemplate\":\"https:\\\/\\\/www.gl-videaste.com\\\/blog\\\/?s={search_term_string}\"},\"query-input\":{\"@type\":\"PropertyValueSpecification\",\"valueRequired\":true,\"valueName\":\"search_term_string\"}}],\"inLanguage\":\"fr-FR\"},{\"@type\":\"Person\",\"@id\":\"https:\\\/\\\/www.gl-videaste.com\\\/blog\\\/#\\\/schema\\\/person\\\/4ccbd26a7d0d1b099a8d58a2d77acacd\",\"name\":\"Geoffroy LETOURNEUR\",\"image\":{\"@type\":\"ImageObject\",\"inLanguage\":\"fr-FR\",\"@id\":\"https:\\\/\\\/secure.gravatar.com\\\/avatar\\\/441ab78cf10e2be10f4e5e60349790e46999d95acd918fc95c62a923652cde84?s=96&d=mm&r=g\",\"url\":\"https:\\\/\\\/secure.gravatar.com\\\/avatar\\\/441ab78cf10e2be10f4e5e60349790e46999d95acd918fc95c62a923652cde84?s=96&d=mm&r=g\",\"contentUrl\":\"https:\\\/\\\/secure.gravatar.com\\\/avatar\\\/441ab78cf10e2be10f4e5e60349790e46999d95acd918fc95c62a923652cde84?s=96&d=mm&r=g\",\"caption\":\"Geoffroy LETOURNEUR\"},\"sameAs\":[\"http:\\\/\\\/www.gl-videaste.com\",\"https:\\\/\\\/www.facebook.com\\\/glvideaste\\\/\",\"https:\\\/\\\/x.com\\\/https:\\\/\\\/twitter.com\\\/letourngeo\"],\"url\":\"https:\\\/\\\/www.gl-videaste.com\\\/blog\\\/author\\\/admin\\\/\"}]}<\/script>\n<!-- \/ Yoast SEO plugin. -->","yoast_head_json":{"title":"Mariage Sophie & Mathieu - Ch\u00e2teau Grattequina -","description":"MARIAGE SOPHIE & MATHIEU | MARIAGE CHATEAU GRATTEQUINA | VIDEO MARIAGE | BORDEAUX | FILM WEDDING | D850 | DJI MAVIC PRO WEDDING","robots":{"index":"index","follow":"follow","max-snippet":"max-snippet:-1","max-image-preview":"max-image-preview:large","max-video-preview":"max-video-preview:-1"},"canonical":"https:\/\/www.gl-videaste.com\/blog\/2018\/11\/10\/mariage-sophie-mathieu-chateau-grattequina\/","og_locale":"fr_FR","og_type":"article","og_title":"Mariage Sophie & Mathieu - Ch\u00e2teau Grattequina","og_description":"Mariage de Sophie & Mathieu au Ch\u00e2teau Grattequina","og_url":"https:\/\/www.gl-videaste.com\/blog\/2018\/11\/10\/mariage-sophie-mathieu-chateau-grattequina\/","og_site_name":"www.gl-videaste.com\/blog","article_publisher":"https:\/\/www.facebook.com\/glvideaste\/","article_author":"https:\/\/www.facebook.com\/glvideaste\/","article_published_time":"2018-11-10T17:25:20+00:00","article_modified_time":"2019-07-13T13:13:09+00:00","og_image":[{"width":7257,"height":4842,"url":"https:\/\/www.gl-videaste.com\/blog\/wp-content\/uploads\/2018\/11\/DSC_1188.jpg","type":"image\/jpeg"}],"author":"Geoffroy LETOURNEUR","twitter_card":"summary_large_image","twitter_creator":"@https:\/\/twitter.com\/letourngeo","twitter_site":"@letourngeo","twitter_misc":{"\u00c9crit par":"Geoffroy LETOURNEUR","Dur\u00e9e de lecture estim\u00e9e":"1 minute"},"schema":{"@context":"https:\/\/schema.org","@graph":[{"@type":"Article","@id":"https:\/\/www.gl-videaste.com\/blog\/2018\/11\/10\/mariage-sophie-mathieu-chateau-grattequina\/#article","isPartOf":{"@id":"https:\/\/www.gl-videaste.com\/blog\/2018\/11\/10\/mariage-sophie-mathieu-chateau-grattequina\/"},"author":{"name":"Geoffroy LETOURNEUR","@id":"https:\/\/www.gl-videaste.com\/blog\/#\/schema\/person\/4ccbd26a7d0d1b099a8d58a2d77acacd"},"headline":"Mariage Sophie &#038; Mathieu &#8211; Ch\u00e2teau Grattequina","datePublished":"2018-11-10T17:25:20+00:00","dateModified":"2019-07-13T13:13:09+00:00","mainEntityOfPage":{"@id":"https:\/\/www.gl-videaste.com\/blog\/2018\/11\/10\/mariage-sophie-mathieu-chateau-grattequina\/"},"wordCount":267,"commentCount":0,"image":{"@id":"https:\/\/www.gl-videaste.com\/blog\/2018\/11\/10\/mariage-sophie-mathieu-chateau-grattequina\/#primaryimage"},"thumbnailUrl":"https:\/\/www.gl-videaste.com\/blog\/wp-content\/uploads\/2018\/11\/DSC_1188.jpg","keywords":["Ch\u00e2teau","D850","NIKON","Sophie &amp; Mathieu"],"articleSection":["Mariages","Vid\u00e9os"],"inLanguage":"fr-FR","potentialAction":[{"@type":"CommentAction","name":"Comment","target":["https:\/\/www.gl-videaste.com\/blog\/2018\/11\/10\/mariage-sophie-mathieu-chateau-grattequina\/#respond"]}]},{"@type":"WebPage","@id":"https:\/\/www.gl-videaste.com\/blog\/2018\/11\/10\/mariage-sophie-mathieu-chateau-grattequina\/","url":"https:\/\/www.gl-videaste.com\/blog\/2018\/11\/10\/mariage-sophie-mathieu-chateau-grattequina\/","name":"Mariage Sophie & Mathieu - Ch\u00e2teau Grattequina -","isPartOf":{"@id":"https:\/\/www.gl-videaste.com\/blog\/#website"},"primaryImageOfPage":{"@id":"https:\/\/www.gl-videaste.com\/blog\/2018\/11\/10\/mariage-sophie-mathieu-chateau-grattequina\/#primaryimage"},"image":{"@id":"https:\/\/www.gl-videaste.com\/blog\/2018\/11\/10\/mariage-sophie-mathieu-chateau-grattequina\/#primaryimage"},"thumbnailUrl":"https:\/\/www.gl-videaste.com\/blog\/wp-content\/uploads\/2018\/11\/DSC_1188.jpg","datePublished":"2018-11-10T17:25:20+00:00","dateModified":"2019-07-13T13:13:09+00:00","author":{"@id":"https:\/\/www.gl-videaste.com\/blog\/#\/schema\/person\/4ccbd26a7d0d1b099a8d58a2d77acacd"},"description":"MARIAGE SOPHIE & MATHIEU | MARIAGE CHATEAU GRATTEQUINA | VIDEO MARIAGE | BORDEAUX | FILM WEDDING | D850 | DJI MAVIC PRO WEDDING","breadcrumb":{"@id":"https:\/\/www.gl-videaste.com\/blog\/2018\/11\/10\/mariage-sophie-mathieu-chateau-grattequina\/#breadcrumb"},"inLanguage":"fr-FR","potentialAction":[{"@type":"ReadAction","target":["https:\/\/www.gl-videaste.com\/blog\/2018\/11\/10\/mariage-sophie-mathieu-chateau-grattequina\/"]}]},{"@type":"ImageObject","inLanguage":"fr-FR","@id":"https:\/\/www.gl-videaste.com\/blog\/2018\/11\/10\/mariage-sophie-mathieu-chateau-grattequina\/#primaryimage","url":"https:\/\/www.gl-videaste.com\/blog\/wp-content\/uploads\/2018\/11\/DSC_1188.jpg","contentUrl":"https:\/\/www.gl-videaste.com\/blog\/wp-content\/uploads\/2018\/11\/DSC_1188.jpg","width":7257,"height":4842},{"@type":"BreadcrumbList","@id":"https:\/\/www.gl-videaste.com\/blog\/2018\/11\/10\/mariage-sophie-mathieu-chateau-grattequina\/#breadcrumb","itemListElement":[{"@type":"ListItem","position":1,"name":"Accueil","item":"https:\/\/www.gl-videaste.com\/blog\/"},{"@type":"ListItem","position":2,"name":"Mariage Sophie et Mathieu"}]},{"@type":"WebSite","@id":"https:\/\/www.gl-videaste.com\/blog\/#website","url":"https:\/\/www.gl-videaste.com\/blog\/","name":"www.gl-videaste.com\/blog","description":"Le mariage est le lien indissoluble d\u2019une amiti\u00e9 \u00e9ternelle...","potentialAction":[{"@type":"SearchAction","target":{"@type":"EntryPoint","urlTemplate":"https:\/\/www.gl-videaste.com\/blog\/?s={search_term_string}"},"query-input":{"@type":"PropertyValueSpecification","valueRequired":true,"valueName":"search_term_string"}}],"inLanguage":"fr-FR"},{"@type":"Person","@id":"https:\/\/www.gl-videaste.com\/blog\/#\/schema\/person\/4ccbd26a7d0d1b099a8d58a2d77acacd","name":"Geoffroy LETOURNEUR","image":{"@type":"ImageObject","inLanguage":"fr-FR","@id":"https:\/\/secure.gravatar.com\/avatar\/441ab78cf10e2be10f4e5e60349790e46999d95acd918fc95c62a923652cde84?s=96&d=mm&r=g","url":"https:\/\/secure.gravatar.com\/avatar\/441ab78cf10e2be10f4e5e60349790e46999d95acd918fc95c62a923652cde84?s=96&d=mm&r=g","contentUrl":"https:\/\/secure.gravatar.com\/avatar\/441ab78cf10e2be10f4e5e60349790e46999d95acd918fc95c62a923652cde84?s=96&d=mm&r=g","caption":"Geoffroy LETOURNEUR"},"sameAs":["http:\/\/www.gl-videaste.com","https:\/\/www.facebook.com\/glvideaste\/","https:\/\/x.com\/https:\/\/twitter.com\/letourngeo"],"url":"https:\/\/www.gl-videaste.com\/blog\/author\/admin\/"}]}},"_links":{"self":[{"href":"https:\/\/www.gl-videaste.com\/blog\/wp-json\/wp\/v2\/posts\/1454","targetHints":{"allow":["GET"]}}],"collection":[{"href":"https:\/\/www.gl-videaste.com\/blog\/wp-json\/wp\/v2\/posts"}],"about":[{"href":"https:\/\/www.gl-videaste.com\/blog\/wp-json\/wp\/v2\/types\/post"}],"author":[{"embeddable":true,"href":"https:\/\/www.gl-videaste.com\/blog\/wp-json\/wp\/v2\/users\/1"}],"replies":[{"embeddable":true,"href":"https:\/\/www.gl-videaste.com\/blog\/wp-json\/wp\/v2\/comments?post=1454"}],"version-history":[{"count":7,"href":"https:\/\/www.gl-videaste.com\/blog\/wp-json\/wp\/v2\/posts\/1454\/revisions"}],"predecessor-version":[{"id":1581,"href":"https:\/\/www.gl-videaste.com\/blog\/wp-json\/wp\/v2\/posts\/1454\/revisions\/1581"}],"wp:featuredmedia":[{"embeddable":true,"href":"https:\/\/www.gl-videaste.com\/blog\/wp-json\/wp\/v2\/media\/1455"}],"wp:attachment":[{"href":"https:\/\/www.gl-videaste.com\/blog\/wp-json\/wp\/v2\/media?parent=1454"}],"wp:term":[{"taxonomy":"category","embeddable":true,"href":"https:\/\/www.gl-videaste.com\/blog\/wp-json\/wp\/v2\/categories?post=1454"},{"taxonomy":"post_tag","embeddable":true,"href":"https:\/\/www.gl-videaste.com\/blog\/wp-json\/wp\/v2\/tags?post=1454"}],"curies":[{"name":"wp","href":"https:\/\/api.w.org\/{rel}","templated":true}]}}