{"id":35,"date":"2012-07-12T21:07:30","date_gmt":"2012-07-12T19:07:30","guid":{"rendered":"http:\/\/themes.lucid-themes.com\/essence-wp\/?p=35"},"modified":"2017-05-16T10:29:01","modified_gmt":"2017-05-16T08:29:01","slug":"mariage-aurelie-julien","status":"publish","type":"post","link":"https:\/\/www.gl-videaste.com\/blog\/2012\/07\/12\/mariage-aurelie-julien\/","title":{"rendered":"Mariage Aur\u00e9lie &#038; Julien &#8211; Ch\u00e2teau du Monceau"},"content":{"rendered":"<h3>Le Ch\u00e2teau du Monceau<\/h3>\n<p>14 juillet 2012, je d\u00e9marre mon premier <a href=\"https:\/\/www.gl-videaste.com\/blog\/mariages\/\">mariage<\/a> celui qui me permettra de mettre le pied \u00e0 l&rsquo;\u00e9trier. J\u2019ai pour mission de suivre S\u00e9bastien sur un mariage franco-asiatique afin de r\u00e9aliser une vid\u00e9o promotionnelle de son travail. Nous allons directement \u00e0 l\u2019\u00e9glise de Lognes pour la c\u00e9r\u00e9monie religieuse. En ce jour de f\u00eate national il n\u2019y aura pas de c\u00e9r\u00e9monie civile. J\u2019essaye de me faire aussi discret que notre photographe qui est aux aguets sur les moindres d\u00e9tails de nos mari\u00e9s. En toute discr\u00e9tion, il essaye de capter tous ces petits instants \u00e9ph\u00e9m\u00e8res et fort de cette journ\u00e9e inoubliable.<\/p>\n<h4>S\u00e9bastien LETOURNEUR Photographe Pro<\/h4>\n<p>On file ensuite en direction de Liverdy-en-Brie, pour profiter d\u2019un cadre sublime au <a href=\"https:\/\/www.mariages.net\/chateau-mariage\/chateau-du-monceau--e134259\">ch\u00e2teau du Monceau<\/a>, qui date du d\u00e9but du 19e si\u00e8cle. Je passe un tr\u00e8s bon moment lors des photos de couples. Sous les conseils de S\u00e9bastien, j\u2019apprends \u00e0 perfectionner les r\u00e9glages de mon reflex et \u00e0 agir aussi vite que possible.<\/p>\n<p>Install\u00e9 \u00e0 Paris, S\u00e9bastien Letourneur est un photographe remarquable. Fort d\u2019un savoir-faire exemplaire et d\u2019un regard original, il mettra tout son talent en oeuvre afin de sublimer votre mariage avec des prises de vue hors du commun. Le photographe est bas\u00e9 \u00e0 Paris. Dans le cadre de votre mariage, il peut toutefois intervenir partout en France et il peut m\u00eame se d\u00e9placer \u00e0 l\u2019\u00e9tranger, en Europe et dans le monde. Quand l\u2019\u00e9motion d\u2019un instant devient \u00e9ternelle\u2026<br \/>\nN\u2019h\u00e9sitez pas \u00e0 d\u00e9couvrir son travail sur son site web sl-photographe.com et son blog\u00a0<a href=\"http:\/\/sl-photographe.com\/blog\/\">sl-photographe.com\/blog\/<\/a><\/p>\n<p><em>\u201cS\u00e9bastien, encore mille mercis! Merci de m\u2019avoir pris sous ta tutelle et pour tous tes conseils avis\u00e9s qui m\u2019ont \u00e9t\u00e9 d\u2019un grand secours ! Merci pour ce Masterclass! Tu as su tirer le meilleur de moi-m\u00eame. Gr\u00e2ce \u00e0 toi je sais maintenant comment travaille les pros ! Je tiens \u00e9galement \u00e0 remercier Aur\u00e9lie et Julien avec qui j\u2019ai pass\u00e9 une excellente journ\u00e9e! Je me suis \u00e9clat\u00e9 \u00e0 faire cette vid\u00e9o ! \u201c<\/em><\/p>\n<p>Lieu: Seine-et-Marne, Liverdy-en-Brie, Ch\u00e2teau du Monceau<\/p>\n<p><span style=\"font-weight: 400;\">Cam\u00e9ra: Nikon D300S<\/span><br \/>\n<span style=\"font-weight: 400;\">Objectifs: Nikon 24-70mm f2.8, Nikon 85mm f1.4<\/span><\/p>\n","protected":false},"excerpt":{"rendered":"<p>Le Ch\u00e2teau du Monceau 14 juillet 2012, je d\u00e9marre mon premier mariage celui qui me permettra de mettre le pied \u00e0 l&rsquo;\u00e9trier. J\u2019ai pour mission de suivre S\u00e9bastien sur un mariage franco-asiatique afin de r\u00e9aliser une vid\u00e9o promotionnelle de son travail. Nous allons directement \u00e0 l\u2019\u00e9glise de Lognes pour la c\u00e9r\u00e9monie religieuse. En ce jour [&hellip;]<\/p>\n","protected":false},"author":1,"featured_media":505,"comment_status":"open","ping_status":"open","sticky":false,"template":"","format":"standard","meta":{"footnotes":""},"categories":[4,9],"tags":[27,14],"class_list":["post-35","post","type-post","status-publish","format-standard","has-post-thumbnail","hentry","category-mariages","category-videos","tag-aurelie-julien","tag-chateau-du-monceau"],"yoast_head":"<!-- This site is optimized with the Yoast SEO plugin v27.5 - https:\/\/yoast.com\/product\/yoast-seo-wordpress\/ -->\n<title>Mariage Aur\u00e9lie &amp; Julien - Ch\u00e2teau du Monceau - www.gl-videaste.com\/blog<\/title>\n<meta name=\"description\" content=\"MARIAGE AURELIE &amp; JULIEN | CHATEAU DU MONCEAU | LIVERDY-EN-BRIE | FRANCE | SL-PHOTOGRAPHE | GL-VIDEASTE | MARIAGE | PHOTOGRAPHE | VIMEO | PARIS\" \/>\n<meta name=\"robots\" content=\"index, follow, max-snippet:-1, max-image-preview:large, max-video-preview:-1\" \/>\n<link rel=\"canonical\" href=\"https:\/\/www.gl-videaste.com\/blog\/2012\/07\/12\/mariage-aurelie-julien\/\" \/>\n<meta property=\"og:locale\" content=\"fr_FR\" \/>\n<meta property=\"og:type\" content=\"article\" \/>\n<meta property=\"og:title\" content=\"Mariage Aur\u00e9lie &amp; Julien - Ch\u00e2teau du Monceau - www.gl-videaste.com\/blog\" \/>\n<meta property=\"og:description\" content=\"MARIAGE AURELIE &amp; JULIEN | CHATEAU DU MONCEAU | LIVERDY-EN-BRIE | FRANCE | SL-PHOTOGRAPHE | GL-VIDEASTE | MARIAGE | PHOTOGRAPHE | VIMEO | PARIS\" \/>\n<meta property=\"og:url\" content=\"https:\/\/www.gl-videaste.com\/blog\/2012\/07\/12\/mariage-aurelie-julien\/\" \/>\n<meta property=\"og:site_name\" content=\"www.gl-videaste.com\/blog\" \/>\n<meta property=\"article:publisher\" content=\"https:\/\/www.facebook.com\/glvideaste\/\" \/>\n<meta property=\"article:author\" content=\"https:\/\/www.facebook.com\/glvideaste\/\" \/>\n<meta property=\"article:published_time\" content=\"2012-07-12T19:07:30+00:00\" \/>\n<meta property=\"article:modified_time\" content=\"2017-05-16T08:29:01+00:00\" \/>\n<meta property=\"og:image\" content=\"https:\/\/www.gl-videaste.com\/blog\/wp-content\/uploads\/2012\/07\/background-aureliejulien.jpg\" \/>\n\t<meta property=\"og:image:width\" content=\"1920\" \/>\n\t<meta property=\"og:image:height\" content=\"1278\" \/>\n\t<meta property=\"og:image:type\" content=\"image\/jpeg\" \/>\n<meta name=\"author\" content=\"Geoffroy LETOURNEUR\" \/>\n<meta name=\"twitter:card\" content=\"summary_large_image\" \/>\n<meta name=\"twitter:creator\" content=\"@https:\/\/twitter.com\/letourngeo\" \/>\n<meta name=\"twitter:site\" content=\"@letourngeo\" \/>\n<meta name=\"twitter:label1\" content=\"\u00c9crit par\" \/>\n\t<meta name=\"twitter:data1\" content=\"Geoffroy LETOURNEUR\" \/>\n\t<meta name=\"twitter:label2\" content=\"Dur\u00e9e de lecture estim\u00e9e\" \/>\n\t<meta name=\"twitter:data2\" content=\"2 minutes\" \/>\n<script type=\"application\/ld+json\" class=\"yoast-schema-graph\">{\"@context\":\"https:\\\/\\\/schema.org\",\"@graph\":[{\"@type\":\"Article\",\"@id\":\"https:\\\/\\\/www.gl-videaste.com\\\/blog\\\/2012\\\/07\\\/12\\\/mariage-aurelie-julien\\\/#article\",\"isPartOf\":{\"@id\":\"https:\\\/\\\/www.gl-videaste.com\\\/blog\\\/2012\\\/07\\\/12\\\/mariage-aurelie-julien\\\/\"},\"author\":{\"name\":\"Geoffroy LETOURNEUR\",\"@id\":\"https:\\\/\\\/www.gl-videaste.com\\\/blog\\\/#\\\/schema\\\/person\\\/4ccbd26a7d0d1b099a8d58a2d77acacd\"},\"headline\":\"Mariage Aur\u00e9lie &#038; Julien &#8211; Ch\u00e2teau du Monceau\",\"datePublished\":\"2012-07-12T19:07:30+00:00\",\"dateModified\":\"2017-05-16T08:29:01+00:00\",\"mainEntityOfPage\":{\"@id\":\"https:\\\/\\\/www.gl-videaste.com\\\/blog\\\/2012\\\/07\\\/12\\\/mariage-aurelie-julien\\\/\"},\"wordCount\":391,\"commentCount\":0,\"image\":{\"@id\":\"https:\\\/\\\/www.gl-videaste.com\\\/blog\\\/2012\\\/07\\\/12\\\/mariage-aurelie-julien\\\/#primaryimage\"},\"thumbnailUrl\":\"https:\\\/\\\/www.gl-videaste.com\\\/blog\\\/wp-content\\\/uploads\\\/2012\\\/07\\\/background-aureliejulien.jpg\",\"keywords\":[\"Aur\u00e9lie &amp; Julien\",\"Ch\u00e2teau du Monceau\"],\"articleSection\":[\"Mariages\",\"Vid\u00e9os\"],\"inLanguage\":\"fr-FR\",\"potentialAction\":[{\"@type\":\"CommentAction\",\"name\":\"Comment\",\"target\":[\"https:\\\/\\\/www.gl-videaste.com\\\/blog\\\/2012\\\/07\\\/12\\\/mariage-aurelie-julien\\\/#respond\"]}]},{\"@type\":\"WebPage\",\"@id\":\"https:\\\/\\\/www.gl-videaste.com\\\/blog\\\/2012\\\/07\\\/12\\\/mariage-aurelie-julien\\\/\",\"url\":\"https:\\\/\\\/www.gl-videaste.com\\\/blog\\\/2012\\\/07\\\/12\\\/mariage-aurelie-julien\\\/\",\"name\":\"Mariage Aur\u00e9lie & Julien - Ch\u00e2teau du Monceau - www.gl-videaste.com\\\/blog\",\"isPartOf\":{\"@id\":\"https:\\\/\\\/www.gl-videaste.com\\\/blog\\\/#website\"},\"primaryImageOfPage\":{\"@id\":\"https:\\\/\\\/www.gl-videaste.com\\\/blog\\\/2012\\\/07\\\/12\\\/mariage-aurelie-julien\\\/#primaryimage\"},\"image\":{\"@id\":\"https:\\\/\\\/www.gl-videaste.com\\\/blog\\\/2012\\\/07\\\/12\\\/mariage-aurelie-julien\\\/#primaryimage\"},\"thumbnailUrl\":\"https:\\\/\\\/www.gl-videaste.com\\\/blog\\\/wp-content\\\/uploads\\\/2012\\\/07\\\/background-aureliejulien.jpg\",\"datePublished\":\"2012-07-12T19:07:30+00:00\",\"dateModified\":\"2017-05-16T08:29:01+00:00\",\"author\":{\"@id\":\"https:\\\/\\\/www.gl-videaste.com\\\/blog\\\/#\\\/schema\\\/person\\\/4ccbd26a7d0d1b099a8d58a2d77acacd\"},\"description\":\"MARIAGE AURELIE & JULIEN | CHATEAU DU MONCEAU | LIVERDY-EN-BRIE | FRANCE | SL-PHOTOGRAPHE | GL-VIDEASTE | MARIAGE | PHOTOGRAPHE | VIMEO | PARIS\",\"breadcrumb\":{\"@id\":\"https:\\\/\\\/www.gl-videaste.com\\\/blog\\\/2012\\\/07\\\/12\\\/mariage-aurelie-julien\\\/#breadcrumb\"},\"inLanguage\":\"fr-FR\",\"potentialAction\":[{\"@type\":\"ReadAction\",\"target\":[\"https:\\\/\\\/www.gl-videaste.com\\\/blog\\\/2012\\\/07\\\/12\\\/mariage-aurelie-julien\\\/\"]}]},{\"@type\":\"ImageObject\",\"inLanguage\":\"fr-FR\",\"@id\":\"https:\\\/\\\/www.gl-videaste.com\\\/blog\\\/2012\\\/07\\\/12\\\/mariage-aurelie-julien\\\/#primaryimage\",\"url\":\"https:\\\/\\\/www.gl-videaste.com\\\/blog\\\/wp-content\\\/uploads\\\/2012\\\/07\\\/background-aureliejulien.jpg\",\"contentUrl\":\"https:\\\/\\\/www.gl-videaste.com\\\/blog\\\/wp-content\\\/uploads\\\/2012\\\/07\\\/background-aureliejulien.jpg\",\"width\":1920,\"height\":1278},{\"@type\":\"BreadcrumbList\",\"@id\":\"https:\\\/\\\/www.gl-videaste.com\\\/blog\\\/2012\\\/07\\\/12\\\/mariage-aurelie-julien\\\/#breadcrumb\",\"itemListElement\":[{\"@type\":\"ListItem\",\"position\":1,\"name\":\"Accueil\",\"item\":\"https:\\\/\\\/www.gl-videaste.com\\\/blog\\\/\"},{\"@type\":\"ListItem\",\"position\":2,\"name\":\"Mariage Aur\u00e9lie &#038; Julien &#8211; Ch\u00e2teau du Monceau\"}]},{\"@type\":\"WebSite\",\"@id\":\"https:\\\/\\\/www.gl-videaste.com\\\/blog\\\/#website\",\"url\":\"https:\\\/\\\/www.gl-videaste.com\\\/blog\\\/\",\"name\":\"www.gl-videaste.com\\\/blog\",\"description\":\"Le mariage est le lien indissoluble d\u2019une amiti\u00e9 \u00e9ternelle...\",\"potentialAction\":[{\"@type\":\"SearchAction\",\"target\":{\"@type\":\"EntryPoint\",\"urlTemplate\":\"https:\\\/\\\/www.gl-videaste.com\\\/blog\\\/?s={search_term_string}\"},\"query-input\":{\"@type\":\"PropertyValueSpecification\",\"valueRequired\":true,\"valueName\":\"search_term_string\"}}],\"inLanguage\":\"fr-FR\"},{\"@type\":\"Person\",\"@id\":\"https:\\\/\\\/www.gl-videaste.com\\\/blog\\\/#\\\/schema\\\/person\\\/4ccbd26a7d0d1b099a8d58a2d77acacd\",\"name\":\"Geoffroy LETOURNEUR\",\"image\":{\"@type\":\"ImageObject\",\"inLanguage\":\"fr-FR\",\"@id\":\"https:\\\/\\\/secure.gravatar.com\\\/avatar\\\/441ab78cf10e2be10f4e5e60349790e46999d95acd918fc95c62a923652cde84?s=96&d=mm&r=g\",\"url\":\"https:\\\/\\\/secure.gravatar.com\\\/avatar\\\/441ab78cf10e2be10f4e5e60349790e46999d95acd918fc95c62a923652cde84?s=96&d=mm&r=g\",\"contentUrl\":\"https:\\\/\\\/secure.gravatar.com\\\/avatar\\\/441ab78cf10e2be10f4e5e60349790e46999d95acd918fc95c62a923652cde84?s=96&d=mm&r=g\",\"caption\":\"Geoffroy LETOURNEUR\"},\"sameAs\":[\"http:\\\/\\\/www.gl-videaste.com\",\"https:\\\/\\\/www.facebook.com\\\/glvideaste\\\/\",\"https:\\\/\\\/x.com\\\/https:\\\/\\\/twitter.com\\\/letourngeo\"],\"url\":\"https:\\\/\\\/www.gl-videaste.com\\\/blog\\\/author\\\/admin\\\/\"}]}<\/script>\n<!-- \/ Yoast SEO plugin. -->","yoast_head_json":{"title":"Mariage Aur\u00e9lie & Julien - Ch\u00e2teau du Monceau - www.gl-videaste.com\/blog","description":"MARIAGE AURELIE & JULIEN | CHATEAU DU MONCEAU | LIVERDY-EN-BRIE | FRANCE | SL-PHOTOGRAPHE | GL-VIDEASTE | MARIAGE | PHOTOGRAPHE | VIMEO | PARIS","robots":{"index":"index","follow":"follow","max-snippet":"max-snippet:-1","max-image-preview":"max-image-preview:large","max-video-preview":"max-video-preview:-1"},"canonical":"https:\/\/www.gl-videaste.com\/blog\/2012\/07\/12\/mariage-aurelie-julien\/","og_locale":"fr_FR","og_type":"article","og_title":"Mariage Aur\u00e9lie & Julien - Ch\u00e2teau du Monceau - www.gl-videaste.com\/blog","og_description":"MARIAGE AURELIE & JULIEN | CHATEAU DU MONCEAU | LIVERDY-EN-BRIE | FRANCE | SL-PHOTOGRAPHE | GL-VIDEASTE | MARIAGE | PHOTOGRAPHE | VIMEO | PARIS","og_url":"https:\/\/www.gl-videaste.com\/blog\/2012\/07\/12\/mariage-aurelie-julien\/","og_site_name":"www.gl-videaste.com\/blog","article_publisher":"https:\/\/www.facebook.com\/glvideaste\/","article_author":"https:\/\/www.facebook.com\/glvideaste\/","article_published_time":"2012-07-12T19:07:30+00:00","article_modified_time":"2017-05-16T08:29:01+00:00","og_image":[{"width":1920,"height":1278,"url":"https:\/\/www.gl-videaste.com\/blog\/wp-content\/uploads\/2012\/07\/background-aureliejulien.jpg","type":"image\/jpeg"}],"author":"Geoffroy LETOURNEUR","twitter_card":"summary_large_image","twitter_creator":"@https:\/\/twitter.com\/letourngeo","twitter_site":"@letourngeo","twitter_misc":{"\u00c9crit par":"Geoffroy LETOURNEUR","Dur\u00e9e de lecture estim\u00e9e":"2 minutes"},"schema":{"@context":"https:\/\/schema.org","@graph":[{"@type":"Article","@id":"https:\/\/www.gl-videaste.com\/blog\/2012\/07\/12\/mariage-aurelie-julien\/#article","isPartOf":{"@id":"https:\/\/www.gl-videaste.com\/blog\/2012\/07\/12\/mariage-aurelie-julien\/"},"author":{"name":"Geoffroy LETOURNEUR","@id":"https:\/\/www.gl-videaste.com\/blog\/#\/schema\/person\/4ccbd26a7d0d1b099a8d58a2d77acacd"},"headline":"Mariage Aur\u00e9lie &#038; Julien &#8211; Ch\u00e2teau du Monceau","datePublished":"2012-07-12T19:07:30+00:00","dateModified":"2017-05-16T08:29:01+00:00","mainEntityOfPage":{"@id":"https:\/\/www.gl-videaste.com\/blog\/2012\/07\/12\/mariage-aurelie-julien\/"},"wordCount":391,"commentCount":0,"image":{"@id":"https:\/\/www.gl-videaste.com\/blog\/2012\/07\/12\/mariage-aurelie-julien\/#primaryimage"},"thumbnailUrl":"https:\/\/www.gl-videaste.com\/blog\/wp-content\/uploads\/2012\/07\/background-aureliejulien.jpg","keywords":["Aur\u00e9lie &amp; Julien","Ch\u00e2teau du Monceau"],"articleSection":["Mariages","Vid\u00e9os"],"inLanguage":"fr-FR","potentialAction":[{"@type":"CommentAction","name":"Comment","target":["https:\/\/www.gl-videaste.com\/blog\/2012\/07\/12\/mariage-aurelie-julien\/#respond"]}]},{"@type":"WebPage","@id":"https:\/\/www.gl-videaste.com\/blog\/2012\/07\/12\/mariage-aurelie-julien\/","url":"https:\/\/www.gl-videaste.com\/blog\/2012\/07\/12\/mariage-aurelie-julien\/","name":"Mariage Aur\u00e9lie & Julien - Ch\u00e2teau du Monceau - www.gl-videaste.com\/blog","isPartOf":{"@id":"https:\/\/www.gl-videaste.com\/blog\/#website"},"primaryImageOfPage":{"@id":"https:\/\/www.gl-videaste.com\/blog\/2012\/07\/12\/mariage-aurelie-julien\/#primaryimage"},"image":{"@id":"https:\/\/www.gl-videaste.com\/blog\/2012\/07\/12\/mariage-aurelie-julien\/#primaryimage"},"thumbnailUrl":"https:\/\/www.gl-videaste.com\/blog\/wp-content\/uploads\/2012\/07\/background-aureliejulien.jpg","datePublished":"2012-07-12T19:07:30+00:00","dateModified":"2017-05-16T08:29:01+00:00","author":{"@id":"https:\/\/www.gl-videaste.com\/blog\/#\/schema\/person\/4ccbd26a7d0d1b099a8d58a2d77acacd"},"description":"MARIAGE AURELIE & JULIEN | CHATEAU DU MONCEAU | LIVERDY-EN-BRIE | FRANCE | SL-PHOTOGRAPHE | GL-VIDEASTE | MARIAGE | PHOTOGRAPHE | VIMEO | PARIS","breadcrumb":{"@id":"https:\/\/www.gl-videaste.com\/blog\/2012\/07\/12\/mariage-aurelie-julien\/#breadcrumb"},"inLanguage":"fr-FR","potentialAction":[{"@type":"ReadAction","target":["https:\/\/www.gl-videaste.com\/blog\/2012\/07\/12\/mariage-aurelie-julien\/"]}]},{"@type":"ImageObject","inLanguage":"fr-FR","@id":"https:\/\/www.gl-videaste.com\/blog\/2012\/07\/12\/mariage-aurelie-julien\/#primaryimage","url":"https:\/\/www.gl-videaste.com\/blog\/wp-content\/uploads\/2012\/07\/background-aureliejulien.jpg","contentUrl":"https:\/\/www.gl-videaste.com\/blog\/wp-content\/uploads\/2012\/07\/background-aureliejulien.jpg","width":1920,"height":1278},{"@type":"BreadcrumbList","@id":"https:\/\/www.gl-videaste.com\/blog\/2012\/07\/12\/mariage-aurelie-julien\/#breadcrumb","itemListElement":[{"@type":"ListItem","position":1,"name":"Accueil","item":"https:\/\/www.gl-videaste.com\/blog\/"},{"@type":"ListItem","position":2,"name":"Mariage Aur\u00e9lie &#038; Julien &#8211; Ch\u00e2teau du Monceau"}]},{"@type":"WebSite","@id":"https:\/\/www.gl-videaste.com\/blog\/#website","url":"https:\/\/www.gl-videaste.com\/blog\/","name":"www.gl-videaste.com\/blog","description":"Le mariage est le lien indissoluble d\u2019une amiti\u00e9 \u00e9ternelle...","potentialAction":[{"@type":"SearchAction","target":{"@type":"EntryPoint","urlTemplate":"https:\/\/www.gl-videaste.com\/blog\/?s={search_term_string}"},"query-input":{"@type":"PropertyValueSpecification","valueRequired":true,"valueName":"search_term_string"}}],"inLanguage":"fr-FR"},{"@type":"Person","@id":"https:\/\/www.gl-videaste.com\/blog\/#\/schema\/person\/4ccbd26a7d0d1b099a8d58a2d77acacd","name":"Geoffroy LETOURNEUR","image":{"@type":"ImageObject","inLanguage":"fr-FR","@id":"https:\/\/secure.gravatar.com\/avatar\/441ab78cf10e2be10f4e5e60349790e46999d95acd918fc95c62a923652cde84?s=96&d=mm&r=g","url":"https:\/\/secure.gravatar.com\/avatar\/441ab78cf10e2be10f4e5e60349790e46999d95acd918fc95c62a923652cde84?s=96&d=mm&r=g","contentUrl":"https:\/\/secure.gravatar.com\/avatar\/441ab78cf10e2be10f4e5e60349790e46999d95acd918fc95c62a923652cde84?s=96&d=mm&r=g","caption":"Geoffroy LETOURNEUR"},"sameAs":["http:\/\/www.gl-videaste.com","https:\/\/www.facebook.com\/glvideaste\/","https:\/\/x.com\/https:\/\/twitter.com\/letourngeo"],"url":"https:\/\/www.gl-videaste.com\/blog\/author\/admin\/"}]}},"_links":{"self":[{"href":"https:\/\/www.gl-videaste.com\/blog\/wp-json\/wp\/v2\/posts\/35","targetHints":{"allow":["GET"]}}],"collection":[{"href":"https:\/\/www.gl-videaste.com\/blog\/wp-json\/wp\/v2\/posts"}],"about":[{"href":"https:\/\/www.gl-videaste.com\/blog\/wp-json\/wp\/v2\/types\/post"}],"author":[{"embeddable":true,"href":"https:\/\/www.gl-videaste.com\/blog\/wp-json\/wp\/v2\/users\/1"}],"replies":[{"embeddable":true,"href":"https:\/\/www.gl-videaste.com\/blog\/wp-json\/wp\/v2\/comments?post=35"}],"version-history":[{"count":27,"href":"https:\/\/www.gl-videaste.com\/blog\/wp-json\/wp\/v2\/posts\/35\/revisions"}],"predecessor-version":[{"id":1304,"href":"https:\/\/www.gl-videaste.com\/blog\/wp-json\/wp\/v2\/posts\/35\/revisions\/1304"}],"wp:featuredmedia":[{"embeddable":true,"href":"https:\/\/www.gl-videaste.com\/blog\/wp-json\/wp\/v2\/media\/505"}],"wp:attachment":[{"href":"https:\/\/www.gl-videaste.com\/blog\/wp-json\/wp\/v2\/media?parent=35"}],"wp:term":[{"taxonomy":"category","embeddable":true,"href":"https:\/\/www.gl-videaste.com\/blog\/wp-json\/wp\/v2\/categories?post=35"},{"taxonomy":"post_tag","embeddable":true,"href":"https:\/\/www.gl-videaste.com\/blog\/wp-json\/wp\/v2\/tags?post=35"}],"curies":[{"name":"wp","href":"https:\/\/api.w.org\/{rel}","templated":true}]}}